{"id":7844,"date":"2023-06-15T12:10:23","date_gmt":"2023-06-15T12:10:23","guid":{"rendered":"https:\/\/www.iparlat.com\/?p=7844"},"modified":"2023-07-04T12:29:01","modified_gmt":"2023-07-04T12:29:01","slug":"angel-maria-gilek-esnekien-eta-edari-begetalen-sektorerako-urteko-ceo-saria-jaso-zuen-atzo-la-razonen-urteko-sarien-bigarren-edizioan","status":"publish","type":"post","link":"https:\/\/www.iparlat.com\/eu\/angel-maria-gilek-esnekien-eta-edari-begetalen-sektorerako-urteko-ceo-saria-jaso-zuen-atzo-la-razonen-urteko-sarien-bigarren-edizioan\/","title":{"rendered":"\u00c1ngel Mar\u00eda Gilek esnekien eta edari begetalen sektorerako Urteko CEO saria jaso zuen atzo &#8220;La Raz\u00f3n&#8221;en urteko sarien bigarren edizioan"},"content":{"rendered":"\n<div style=\"height:35px\" aria-hidden=\"true\" class=\"wp-block-spacer\"><\/div>\n\n\n\n<p>Atzo, ekainak 14, &#8220;La Raz\u00f3n&#8221;en Urteko CEO Sariak ospatu diren Madrilen. Sariak Espainian erreferente diren sektore eta enpresetako 38 profesional handiren lana aitortu zuen, besteak beste, \u00c1ngel Mar\u00eda Gil, IPARLATEKO CEOarena.<\/p>\n\n\n\n<p>Ekitaldiaren buru Eugenia Carballedo izan zen, Madrilgo Batzarreko lehendakaria bezperara arte, Andr\u00e9s Navarro &#8220;La Raz\u00f3n&#8221;eko kontseilari delegatua eta Francisco Marhuenda, egunkariaren zuzendaria. Azken horrek enpresetako taldeak osatzen dituzten pertsonak nabarmendu nahi izan zituen, eta azaldu zuen &#8220;CEO adimenduena izan daiteke, baina, taldea kudeatzen ez badakite, ez du ezertarako balio&#8221;.<\/p>\n\n\n\n<p>\u00c1ngel Mar\u00eda Gilek, IPARLATeko zuzendari nagusiak, esnekien eta edari begetalen sektoreko Urteko CEO Saria jaso zuen egun horretan.<\/p>\n\n\n\n<p>Zorionak atzo saritutako guztiei!<\/p>\n\n\n\n<div style=\"height:35px\" aria-hidden=\"true\" class=\"wp-block-spacer\"><\/div>\n\n\n\n<figure class=\"wp-block-gallery has-nested-images columns-default is-cropped wp-block-gallery-1 is-layout-flex wp-block-gallery-is-layout-flex\">\n<figure class=\"wp-block-image size-large\"><img loading=\"lazy\" decoding=\"async\" width=\"1024\" height=\"768\" data-id=\"7835\" src=\"https:\/\/www.iparlat.com\/wp-content\/uploads\/2023\/06\/FylnhTyWcAIhZG3-1024x768.jpg\" alt=\"\" class=\"wp-image-7835\" srcset=\"https:\/\/www.iparlat.com\/wp-content\/uploads\/2023\/06\/FylnhTyWcAIhZG3-980x735.jpg 980w, https:\/\/www.iparlat.com\/wp-content\/uploads\/2023\/06\/FylnhTyWcAIhZG3-480x360.jpg 480w\" sizes=\"(min-width: 0px) and (max-width: 480px) 480px, (min-width: 481px) and (max-width: 980px) 980px, (min-width: 981px) 1024px, 100vw\" \/><\/figure>\n\n\n\n<figure class=\"wp-block-image size-large\"><img loading=\"lazy\" decoding=\"async\" width=\"576\" height=\"1024\" data-id=\"7837\" src=\"https:\/\/www.iparlat.com\/wp-content\/uploads\/2023\/06\/WhatsApp-Image-2023-06-15-at-12.32.02-1.jpeg\" alt=\"\" class=\"wp-image-7837\" srcset=\"https:\/\/www.iparlat.com\/wp-content\/uploads\/2023\/06\/WhatsApp-Image-2023-06-15-at-12.32.02-1.jpeg 576w, https:\/\/www.iparlat.com\/wp-content\/uploads\/2023\/06\/WhatsApp-Image-2023-06-15-at-12.32.02-1-480x853.jpeg 480w\" sizes=\"(min-width: 0px) and (max-width: 480px) 480px, (min-width: 481px) 576px, 100vw\" \/><\/figure>\n<\/figure>\n","protected":false},"excerpt":{"rendered":"<p>Atzo, ekainak 14, &#8220;La Raz\u00f3n&#8221;en Urteko CEO Sariak ospatu diren Madrilen. Sariak Espainian erreferente diren sektore eta enpresetako 38 profesional handiren lana aitortu zuen, besteak beste, \u00c1ngel Mar\u00eda Gil, IPARLATEKO CEOarena. Ekitaldiaren buru Eugenia Carballedo izan zen, Madrilgo Batzarreko lehendakaria bezperara arte, Andr\u00e9s Navarro &#8220;La Raz\u00f3n&#8221;eko kontseilari delegatua eta Francisco Marhuenda, egunkariaren zuzendaria. Azken horrek [&hellip;]<\/p>\n","protected":false},"author":6,"featured_media":7843,"comment_status":"open","ping_status":"open","sticky":false,"template":"","format":"standard","meta":{"_acf_changed":false,"_et_pb_use_builder":"off","_et_pb_old_content":"","_et_gb_content_width":"","footnotes":""},"categories":[161],"tags":[],"class_list":["post-7844","post","type-post","status-publish","format-standard","has-post-thumbnail","hentry","category-bloga"],"acf":[],"_links":{"self":[{"href":"https:\/\/www.iparlat.com\/eu\/wp-json\/wp\/v2\/posts\/7844","targetHints":{"allow":["GET"]}}],"collection":[{"href":"https:\/\/www.iparlat.com\/eu\/wp-json\/wp\/v2\/posts"}],"about":[{"href":"https:\/\/www.iparlat.com\/eu\/wp-json\/wp\/v2\/types\/post"}],"author":[{"embeddable":true,"href":"https:\/\/www.iparlat.com\/eu\/wp-json\/wp\/v2\/users\/6"}],"replies":[{"embeddable":true,"href":"https:\/\/www.iparlat.com\/eu\/wp-json\/wp\/v2\/comments?post=7844"}],"version-history":[{"count":0,"href":"https:\/\/www.iparlat.com\/eu\/wp-json\/wp\/v2\/posts\/7844\/revisions"}],"wp:featuredmedia":[{"embeddable":true,"href":"https:\/\/www.iparlat.com\/eu\/wp-json\/wp\/v2\/media\/7843"}],"wp:attachment":[{"href":"https:\/\/www.iparlat.com\/eu\/wp-json\/wp\/v2\/media?parent=7844"}],"wp:term":[{"taxonomy":"category","embeddable":true,"href":"https:\/\/www.iparlat.com\/eu\/wp-json\/wp\/v2\/categories?post=7844"},{"taxonomy":"post_tag","embeddable":true,"href":"https:\/\/www.iparlat.com\/eu\/wp-json\/wp\/v2\/tags?post=7844"}],"curies":[{"name":"wp","href":"https:\/\/api.w.org\/{rel}","templated":true}]}}