{"id":7828,"date":"2023-06-06T12:24:51","date_gmt":"2023-06-06T12:24:51","guid":{"rendered":"https:\/\/www.iparlat.com\/?p=7828"},"modified":"2023-07-04T12:30:17","modified_gmt":"2023-07-04T12:30:17","slug":"maria-chivite-nafarroako-gobernuko-lehendakariak-edari-begetalak-ekoizten-dituen-enpresaren-ontziratze-lerro-berria-ezagutu-du","status":"publish","type":"post","link":"https:\/\/www.iparlat.com\/eu\/maria-chivite-nafarroako-gobernuko-lehendakariak-edari-begetalak-ekoizten-dituen-enpresaren-ontziratze-lerro-berria-ezagutu-du\/","title":{"rendered":"Mar\u00eda Chivite Nafarroako Gobernuko lehendakariak edari begetalak ekoizten dituen enpresaren ontziratze-lerro berria ezagutu du"},"content":{"rendered":"\n<div style=\"height:19px\" aria-hidden=\"true\" class=\"wp-block-spacer\"><\/div>\n\n\n\n<p>Gaur, ekainak 6, Mar\u00e1i Chivite Nafarroako Gobernuko lehendakariak Natur All edari begetalen enpresaren instalazioak bisitatu ditu eta ontziratze-lerro berria ezagutzeko aukera izan du. Milioi bat euroko inbertsioa eginda, eta horri esker, fabrikaren ekoizpenak urtean izan duen hazkunde handiak sortutako beharrei erantzun ahal izango zaie.<\/p>\n\n\n\n<p>Rodrigo S\u00e1nchezek (Natur All-eko CEO), \u00c1ngel Mar\u00eda Gilek (Iparlat-eko zuzendari nagusia) eta Joseba Hern\u00e1ndezek (Corellako intalazioetako zuzendaria) lagunduta, lehendakariak barrutik ezagutu du Corellako (Nafarroa) Natur All edari begetalen fabrika, eta honekin batera, konpainiaren etorkizuneko ikuspegia partekatu du.<\/p>\n\n\n\n<p class=\"has-text-align-center\">&#8220;Industriak egin behar dituen aldaketa horiei aurre egiten ari den enpresa bat: jasangarritasunaren arloan, tokiko produktuen aldeko apustua, hondakinen ekoizpena minimizatzea eta I+Gko inbertsioa&#8221;.<\/p>\n\n\n\n<p>Esaldi horrekin, jasangarritasunean eta berrikuntzan oinarritutako negozio ereduen garrantzia nabarmendu du Mar\u00eda Chivitek; besteak beste,  Natur Allena. Aputu horiek bat datoz industriak behar duenarekin.<\/p>\n\n\n\n<div style=\"height:33px\" aria-hidden=\"true\" class=\"wp-block-spacer\"><\/div>\n\n\n\n<figure class=\"wp-block-video\"><video height=\"720\" style=\"aspect-ratio: 1280 \/ 720;\" width=\"1280\" controls src=\"https:\/\/www.iparlat.com\/wp-content\/uploads\/2023\/06\/La-presidenta-Maria-Chivite-visita-la-empresa-Natural-all-de-Corella.mp4\"><\/video><\/figure>\n\n\n\n<blockquote class=\"wp-block-quote is-layout-flow wp-block-quote-is-layout-flow\">\n<p>Chivite&nbsp;lehendakaria&nbsp;Natur&nbsp;All&nbsp;enpresara&nbsp;joan&nbsp;da&nbsp;Corellan<\/p>\n<\/blockquote>\n","protected":false},"excerpt":{"rendered":"<p>Gaur, ekainak 6, Mar\u00e1i Chivite Nafarroako Gobernuko lehendakariak Natur All edari begetalen enpresaren instalazioak bisitatu ditu eta ontziratze-lerro berria ezagutzeko aukera izan du. Milioi bat euroko inbertsioa eginda, eta horri esker, fabrikaren ekoizpenak urtean izan duen hazkunde handiak sortutako beharrei erantzun ahal izango zaie. Rodrigo S\u00e1nchezek (Natur All-eko CEO), \u00c1ngel Mar\u00eda Gilek (Iparlat-eko zuzendari nagusia) [&hellip;]<\/p>\n","protected":false},"author":6,"featured_media":7823,"comment_status":"open","ping_status":"open","sticky":false,"template":"","format":"standard","meta":{"_acf_changed":false,"_et_pb_use_builder":"off","_et_pb_old_content":"","_et_gb_content_width":"","footnotes":""},"categories":[161],"tags":[],"class_list":["post-7828","post","type-post","status-publish","format-standard","has-post-thumbnail","hentry","category-bloga"],"acf":[],"_links":{"self":[{"href":"https:\/\/www.iparlat.com\/eu\/wp-json\/wp\/v2\/posts\/7828","targetHints":{"allow":["GET"]}}],"collection":[{"href":"https:\/\/www.iparlat.com\/eu\/wp-json\/wp\/v2\/posts"}],"about":[{"href":"https:\/\/www.iparlat.com\/eu\/wp-json\/wp\/v2\/types\/post"}],"author":[{"embeddable":true,"href":"https:\/\/www.iparlat.com\/eu\/wp-json\/wp\/v2\/users\/6"}],"replies":[{"embeddable":true,"href":"https:\/\/www.iparlat.com\/eu\/wp-json\/wp\/v2\/comments?post=7828"}],"version-history":[{"count":0,"href":"https:\/\/www.iparlat.com\/eu\/wp-json\/wp\/v2\/posts\/7828\/revisions"}],"wp:featuredmedia":[{"embeddable":true,"href":"https:\/\/www.iparlat.com\/eu\/wp-json\/wp\/v2\/media\/7823"}],"wp:attachment":[{"href":"https:\/\/www.iparlat.com\/eu\/wp-json\/wp\/v2\/media?parent=7828"}],"wp:term":[{"taxonomy":"category","embeddable":true,"href":"https:\/\/www.iparlat.com\/eu\/wp-json\/wp\/v2\/categories?post=7828"},{"taxonomy":"post_tag","embeddable":true,"href":"https:\/\/www.iparlat.com\/eu\/wp-json\/wp\/v2\/tags?post=7828"}],"curies":[{"name":"wp","href":"https:\/\/api.w.org\/{rel}","templated":true}]}}